{"id":17319,"date":"2022-12-13T10:37:01","date_gmt":"2022-12-13T09:37:01","guid":{"rendered":"https:\/\/www.studentenwerk-magdeburg.de\/?p=17319"},"modified":"2025-03-20T11:37:11","modified_gmt":"2025-03-20T10:37:11","slug":"oeffnungszeiten-der-mensen-zum-jahreswechsel-2","status":"publish","type":"post","link":"https:\/\/www.studentenwerk-magdeburg.de\/en\/oeffnungszeiten-der-mensen-zum-jahreswechsel-2\/","title":{"rendered":"\u00d6ffnungszeiten der Mensen zum Jahreswechsel"},"content":{"rendered":"<p>Die Mensen und Cafeterien passen sich in der Zeit vom 21.12.2022 bis 08.01.2023 den Semesterzeitpl\u00e4nen der Hochschulen an. Daraus ergeben sich ge\u00e4nderte \u00d6ffnungszeiten.<\/p>\n<h2 style=\"text-align: center; padding-left: 40px;\">Wir w\u00fcnschen allen <strong>Frohe Weihnachten<\/strong><\/h2>\n<h2 style=\"text-align: center; padding-left: 40px;\">und einen <strong>Guten Rutsch<\/strong> ins Jahr 2023!<\/h2>\n<p><strong>Schlie\u00dfzeiten Magdeburg<\/strong><\/p>\n<table style=\"border-collapse: collapse; width: 100%;\">\n<tbody>\n<tr>\n<td style=\"width: 50%;\">Mensa UniCampus unten<\/td>\n<td style=\"width: 50%;\">21.12.2022 bis 03.01.2023<\/td>\n<\/tr>\n<tr>\n<td style=\"width: 50%;\">Mensa UniCampus oben<\/td>\n<td style=\"width: 50%;\">21.12.2022 bis 08.01.2023<\/td>\n<\/tr>\n<tr>\n<td style=\"width: 50%;\">Caf\u00e9 Latte<\/td>\n<td style=\"width: 50%;\">21.12.2022 bis 03.01.2023<\/td>\n<\/tr>\n<tr>\n<td style=\"width: 50%;\">Pier 16<\/td>\n<td style=\"width: 50%;\">21.12.2022 bis 08.01.2023<\/td>\n<\/tr>\n<tr>\n<td style=\"width: 50%;\">Kellercaf\u00e9<\/td>\n<td style=\"width: 50%;\">21.12.2022 bis 08.01.2023<\/td>\n<\/tr>\n<tr>\n<td style=\"width: 50%;\">Mensa Herrenkrug<\/td>\n<td style=\"width: 50%;\">21.12.2022 bis 08.01.2023<\/td>\n<\/tr>\n<tr>\n<td style=\"width: 50%;\">Cafeteria Herrenkrug<\/td>\n<td style=\"width: 50%;\">21.12.2022 bis 08.01.2023<\/td>\n<\/tr>\n<\/tbody>\n<\/table>\n<p><strong>Schlie\u00dfzeiten Stendal<\/strong><\/p>\n<table style=\"border-collapse: collapse; width: 100%;\">\n<tbody>\n<tr>\n<td style=\"width: 50%;\">Mensa &amp; Cafeteria Stendal<\/td>\n<td style=\"width: 50%;\">21.12.2022 bis 08.01.2023<\/td>\n<\/tr>\n<\/tbody>\n<\/table>\n<p><strong>Schlie\u00dfzeiten Wernigerode<\/strong><\/p>\n<table style=\"border-collapse: collapse; width: 100%;\">\n<tbody>\n<tr>\n<td style=\"width: 50%;\">Mensa Wernigerode<\/td>\n<td style=\"width: 50%;\">21.12.2022 bis 02.01.2023<\/td>\n<\/tr>\n<tr>\n<td style=\"width: 50%;\">Cafeteria Wernigerode<\/td>\n<td style=\"width: 50%;\">21.12.2022 bis 02.01.2023<\/td>\n<\/tr>\n<tr>\n<td style=\"width: 50%;\">Kaffeeklappe Wernigerode<\/td>\n<td style=\"width: 50%;\">21.12.2022 bis 02.01.2023<\/td>\n<\/tr>\n<\/tbody>\n<\/table>\n<p><strong>Schlie\u00dfzeiten Halberstadt<\/strong><\/p>\n<table style=\"border-collapse: collapse; width: 100%;\">\n<tbody>\n<tr>\n<td style=\"width: 50%;\">Domcafete Halberstadt<\/td>\n<td style=\"width: 50%;\">21.12.2022 bis 02.01.2023<\/td>\n<\/tr>\n<\/tbody>\n<\/table>\n","protected":false},"excerpt":{"rendered":"<p>Die Mensen und Cafeterien passen sich in der Zeit vom 21.12.2022 bis 08.01.2023 den Semesterzeitpl\u00e4nen der Hochschulen an. Daraus ergeben sich ge\u00e4nderte \u00d6ffnungszeiten. Wir w\u00fcnschen allen Frohe Weihnachten und einen Guten Rutsch ins Jahr 2023! Schlie\u00dfzeiten Magdeburg Mensa UniCampus unten 21.12.2022 bis 03.01.2023 Mensa UniCampus oben 21.12.2022 bis 08.01.2023 Caf\u00e9 &hellip; <a href=\"https:\/\/www.studentenwerk-magdeburg.de\/en\/oeffnungszeiten-der-mensen-zum-jahreswechsel-2\/\">Continue reading <span class=\"meta-nav\">&rarr;<\/span><\/a><\/p>\n","protected":false},"author":54,"featured_media":0,"comment_status":"closed","ping_status":"closed","sticky":false,"template":"","format":"standard","meta":{"footnotes":""},"categories":[1,7],"tags":[14,13,11,12],"class_list":["post-17319","post","type-post","status-publish","format-standard","hentry","category-allgemein","category-mensen","tag-halberstadt","tag-magdeburg","tag-stendal","tag-wernigerode"],"_links":{"self":[{"href":"https:\/\/www.studentenwerk-magdeburg.de\/en\/wp-json\/wp\/v2\/posts\/17319","targetHints":{"allow":["GET"]}}],"collection":[{"href":"https:\/\/www.studentenwerk-magdeburg.de\/en\/wp-json\/wp\/v2\/posts"}],"about":[{"href":"https:\/\/www.studentenwerk-magdeburg.de\/en\/wp-json\/wp\/v2\/types\/post"}],"author":[{"embeddable":true,"href":"https:\/\/www.studentenwerk-magdeburg.de\/en\/wp-json\/wp\/v2\/users\/54"}],"replies":[{"embeddable":true,"href":"https:\/\/www.studentenwerk-magdeburg.de\/en\/wp-json\/wp\/v2\/comments?post=17319"}],"version-history":[{"count":19,"href":"https:\/\/www.studentenwerk-magdeburg.de\/en\/wp-json\/wp\/v2\/posts\/17319\/revisions"}],"predecessor-version":[{"id":21266,"href":"https:\/\/www.studentenwerk-magdeburg.de\/en\/wp-json\/wp\/v2\/posts\/17319\/revisions\/21266"}],"wp:attachment":[{"href":"https:\/\/www.studentenwerk-magdeburg.de\/en\/wp-json\/wp\/v2\/media?parent=17319"}],"wp:term":[{"taxonomy":"category","embeddable":true,"href":"https:\/\/www.studentenwerk-magdeburg.de\/en\/wp-json\/wp\/v2\/categories?post=17319"},{"taxonomy":"post_tag","embeddable":true,"href":"https:\/\/www.studentenwerk-magdeburg.de\/en\/wp-json\/wp\/v2\/tags?post=17319"}],"curies":[{"name":"wp","href":"https:\/\/api.w.org\/{rel}","templated":true}]}}