{"id":15890,"date":"2021-04-09T17:44:52","date_gmt":"2021-04-09T16:44:52","guid":{"rendered":"https:\/\/www.studentenwerk-magdeburg.de\/?p=15890"},"modified":"2025-03-24T10:25:48","modified_gmt":"2025-03-24T09:25:48","slug":"rede-des-bundespraesidenten-an-die-studierenden-am-mo-12-april-2021","status":"publish","type":"post","link":"https:\/\/www.studentenwerk-magdeburg.de\/en\/rede-des-bundespraesidenten-an-die-studierenden-am-mo-12-april-2021\/","title":{"rendered":"Rede des Bundespr\u00e4sidenten an die Studierenden am Mo., 12. April 2021"},"content":{"rendered":"<p>Kommenden Montag, 12. April 2021, h\u00e4lt Bundespr\u00e4sident Frank-Walter Steinmeier eine Rede an die Studierenden. Mit seiner Ansprache m\u00f6chte Steinmeier den Studierenden Mut zusprechen. Gerade in dieser Situation sei es wichtig, den jungen Menschen zu sagen, dass die derzeitige, schwierige Lage nicht un\u00fcberwindbar sei. Die drei\u00dfigmin\u00fctige Rede wird ab 11 Uhr unter<\/p>\n<p><a href=\"https:\/\/www.bundespraesident.de\/sommersemester2021\">www.bundespraesident.de\/sommersemester2021<\/a><\/p>\n<p>im Livestream \u00fcbertragen und anschlie\u00dfend als Videomitschnitt verf\u00fcgbar sein.<\/p>\n<p>Zu Beginn des Sommersemesters unter fortdauernden Pandemie-Bedingungen m\u00f6chte der Bundespr\u00e4sident aus der wiederer\u00f6ffneten Staatsbibliothek zu Berlin m\u00f6glichst viele Studierende auf digitalem Weg erreichen. Anschlie\u00dfend steht ein Mitschnitt zur Verf\u00fcgung, der schnellstm\u00f6glich mit deutschen und englischen Untertiteln versehen wird.<\/p>\n","protected":false},"excerpt":{"rendered":"<p>Kommenden Montag, 12. April 2021, h\u00e4lt Bundespr\u00e4sident Frank-Walter Steinmeier eine Rede an die Studierenden. Mit seiner Ansprache m\u00f6chte Steinmeier den Studierenden Mut zusprechen. Gerade in dieser Situation sei es wichtig, den jungen Menschen zu sagen, dass die derzeitige, schwierige Lage nicht un\u00fcberwindbar sei. Die drei\u00dfigmin\u00fctige Rede wird ab 11 Uhr &hellip; <a href=\"https:\/\/www.studentenwerk-magdeburg.de\/en\/rede-des-bundespraesidenten-an-die-studierenden-am-mo-12-april-2021\/\">Continue reading <span class=\"meta-nav\">&rarr;<\/span><\/a><\/p>\n","protected":false},"author":7,"featured_media":0,"comment_status":"closed","ping_status":"closed","sticky":false,"template":"","format":"standard","meta":{"footnotes":""},"categories":[1],"tags":[15,14,13,11,12],"class_list":["post-15890","post","type-post","status-publish","format-standard","hentry","category-allgemein","tag-friedensau","tag-halberstadt","tag-magdeburg","tag-stendal","tag-wernigerode"],"_links":{"self":[{"href":"https:\/\/www.studentenwerk-magdeburg.de\/en\/wp-json\/wp\/v2\/posts\/15890","targetHints":{"allow":["GET"]}}],"collection":[{"href":"https:\/\/www.studentenwerk-magdeburg.de\/en\/wp-json\/wp\/v2\/posts"}],"about":[{"href":"https:\/\/www.studentenwerk-magdeburg.de\/en\/wp-json\/wp\/v2\/types\/post"}],"author":[{"embeddable":true,"href":"https:\/\/www.studentenwerk-magdeburg.de\/en\/wp-json\/wp\/v2\/users\/7"}],"replies":[{"embeddable":true,"href":"https:\/\/www.studentenwerk-magdeburg.de\/en\/wp-json\/wp\/v2\/comments?post=15890"}],"version-history":[{"count":6,"href":"https:\/\/www.studentenwerk-magdeburg.de\/en\/wp-json\/wp\/v2\/posts\/15890\/revisions"}],"predecessor-version":[{"id":21306,"href":"https:\/\/www.studentenwerk-magdeburg.de\/en\/wp-json\/wp\/v2\/posts\/15890\/revisions\/21306"}],"wp:attachment":[{"href":"https:\/\/www.studentenwerk-magdeburg.de\/en\/wp-json\/wp\/v2\/media?parent=15890"}],"wp:term":[{"taxonomy":"category","embeddable":true,"href":"https:\/\/www.studentenwerk-magdeburg.de\/en\/wp-json\/wp\/v2\/categories?post=15890"},{"taxonomy":"post_tag","embeddable":true,"href":"https:\/\/www.studentenwerk-magdeburg.de\/en\/wp-json\/wp\/v2\/tags?post=15890"}],"curies":[{"name":"wp","href":"https:\/\/api.w.org\/{rel}","templated":true}]}}